{"id":1075,"date":"2023-12-06T20:33:12","date_gmt":"2023-12-06T18:33:12","guid":{"rendered":"https:\/\/grundschule-fah.de\/?p=1075"},"modified":"2024-02-12T11:34:21","modified_gmt":"2024-02-12T09:34:21","slug":"schneemann-bauen","status":"publish","type":"post","link":"https:\/\/grundschule-fah.de\/?p=1075","title":{"rendered":"Schneemann bauen"},"content":{"rendered":"\n[et_pb_section fb_built=&#8220;1&#8243; _builder_version=&#8220;4.22.0&#8243; _module_preset=&#8220;default&#8220; global_colors_info=&#8220;{}&#8220;][et_pb_row _builder_version=&#8220;4.22.0&#8243; _module_preset=&#8220;default&#8220; global_colors_info=&#8220;{}&#8220;][et_pb_column type=&#8220;4_4&#8243; _builder_version=&#8220;4.22.0&#8243; _module_preset=&#8220;default&#8220; global_colors_info=&#8220;{}&#8220;][et_pb_blurb title=&#8220;Schneemann bauen&#8220; image=&#8220;https:\/\/grundschule-fah.de\/wp-content\/uploads\/2024\/01\/IMG_5448-scaled.jpeg&#8220; _builder_version=&#8220;4.23.4&#8243; _module_preset=&#8220;default&#8220; global_colors_info=&#8220;{}&#8220;]<p>Am 6. Dezember 2023 wurde der Schulhof der Grundschule Friedrich-August-H\u00fctte zu einem winterlichen Wunderland, als die Sch\u00fclerinnen und Sch\u00fcler gemeinsam einen beeindruckenden Schneemann erschufen. Mit lachenden Gesichtern und froher Kreativit\u00e4t machten sich die Kinder an die Arbeit und formten aus dem frischen Schnee einen lebendigen Schneefreund.<\/p>\n<p>Mit vereinten Kr\u00e4ften rollten sie gro\u00dfe Schneeb\u00e4lle, die geduldig aufeinandergestapelt wurden, um die eindrucksvolle Gestalt des Schneemanns zu formen. Von der Basis bis zur Spitze wuchs er heran, jeder Ball sorgf\u00e4ltig platziert und mit \u00c4sten f\u00fcr Arme und einem strahlenden Gesicht und einer Karottennase versehen.<\/p>\n<p>Die Sch\u00fclerinnen und Sch\u00fcler hatten sichtlich Spa\u00df, w\u00e4hrend sie sich inmitten von Schneeflocken und winterlicher Atmosph\u00e4re austobten. Der fertige Schneemann wurde zu einem stolzen Symbol f\u00fcr Teamarbeit und gemeinsame Kreativit\u00e4t.<\/p>[\/et_pb_blurb][\/et_pb_column][\/et_pb_row][\/et_pb_section][et_pb_section fb_built=&#8220;1&#8243; _builder_version=&#8220;4.22.1&#8243; _module_preset=&#8220;default&#8220; global_colors_info=&#8220;{}&#8220;][\/et_pb_section]\n","protected":false},"excerpt":{"rendered":"<p>Am 6. Dezember 2023 wurde der Schulhof der Grundschule Friedrich-August-H\u00fctte zu einem winterlichen Wunderland, als die Sch\u00fclerinnen und Sch\u00fcler gemeinsam einen beeindruckenden Schneemann erschufen. Mit lachenden Gesichtern und froher Kreativit\u00e4t machten sich die Kinder an die Arbeit und formten aus dem frischen Schnee einen lebendigen Schneefreund. Mit vereinten Kr\u00e4ften rollten sie gro\u00dfe Schneeb\u00e4lle, die geduldig [&hellip;]<\/p>\n","protected":false},"author":1,"featured_media":1078,"comment_status":"closed","ping_status":"open","sticky":false,"template":"","format":"standard","meta":{"_et_pb_use_builder":"on","_et_pb_old_content":"","_et_gb_content_width":"1080","footnotes":""},"categories":[1],"tags":[],"class_list":["post-1075","post","type-post","status-publish","format-standard","has-post-thumbnail","hentry","category-sonstiges"],"_links":{"self":[{"href":"https:\/\/grundschule-fah.de\/index.php?rest_route=\/wp\/v2\/posts\/1075","targetHints":{"allow":["GET"]}}],"collection":[{"href":"https:\/\/grundschule-fah.de\/index.php?rest_route=\/wp\/v2\/posts"}],"about":[{"href":"https:\/\/grundschule-fah.de\/index.php?rest_route=\/wp\/v2\/types\/post"}],"author":[{"embeddable":true,"href":"https:\/\/grundschule-fah.de\/index.php?rest_route=\/wp\/v2\/users\/1"}],"replies":[{"embeddable":true,"href":"https:\/\/grundschule-fah.de\/index.php?rest_route=%2Fwp%2Fv2%2Fcomments&post=1075"}],"version-history":[{"count":5,"href":"https:\/\/grundschule-fah.de\/index.php?rest_route=\/wp\/v2\/posts\/1075\/revisions"}],"predecessor-version":[{"id":1129,"href":"https:\/\/grundschule-fah.de\/index.php?rest_route=\/wp\/v2\/posts\/1075\/revisions\/1129"}],"wp:featuredmedia":[{"embeddable":true,"href":"https:\/\/grundschule-fah.de\/index.php?rest_route=\/wp\/v2\/media\/1078"}],"wp:attachment":[{"href":"https:\/\/grundschule-fah.de\/index.php?rest_route=%2Fwp%2Fv2%2Fmedia&parent=1075"}],"wp:term":[{"taxonomy":"category","embeddable":true,"href":"https:\/\/grundschule-fah.de\/index.php?rest_route=%2Fwp%2Fv2%2Fcategories&post=1075"},{"taxonomy":"post_tag","embeddable":true,"href":"https:\/\/grundschule-fah.de\/index.php?rest_route=%2Fwp%2Fv2%2Ftags&post=1075"}],"curies":[{"name":"wp","href":"https:\/\/api.w.org\/{rel}","templated":true}]}}