{"id":2187,"date":"2026-03-06T09:38:00","date_gmt":"2026-03-06T08:38:00","guid":{"rendered":"https:\/\/grundschule-fah.de\/?p=2187"},"modified":"2026-03-06T09:51:05","modified_gmt":"2026-03-06T08:51:05","slug":"mehr-sicherheit-mit-paepp","status":"publish","type":"post","link":"https:\/\/grundschule-fah.de\/?p=2187","title":{"rendered":"Mehr Sicherheit mit &#8222;P\u00e4PP&#8220;"},"content":{"rendered":"\n<h2 class=\"wp-block-heading\"><\/h2>\n\n\n\n<p>Anfang M\u00e4rz war bei uns die &#8222;<strong>P\u00e4<\/strong>dagogische <strong>P<\/strong>uppenb\u00fchne der <strong>P<\/strong>olizei&#8220; \u00fcber mehrere Tage in der Schule. Die Sch\u00fclerinnen und Sch\u00fcler haben dabei viel gelernt: \u00dcber Sicherheit im Stra\u00dfenverkehr bis Gefahren im Internet war f\u00fcr jede Klassenstufe etwas dabei. Und nat\u00fcrlich wurde auch ein R\u00e4uber geschnappt: Karl Chaos wurde von den J\u00fcngsten gefangen!<br><br>Ein informatives Ereignis, dass bei allen Kindern sicher in guter Erinnerung bleiben wird.  <\/p>\n\n\n\n<figure class=\"wp-block-gallery has-nested-images columns-default is-cropped wp-block-gallery-1 is-layout-flex wp-block-gallery-is-layout-flex\">\n<figure class=\"wp-block-image size-large\"><img loading=\"lazy\" decoding=\"async\" width=\"1024\" height=\"768\" data-id=\"2191\" src=\"https:\/\/grundschule-fah.de\/wp-content\/uploads\/2026\/03\/IMG_20260302_101922-1024x768.jpg\" alt=\"\" class=\"wp-image-2191\" srcset=\"https:\/\/grundschule-fah.de\/wp-content\/uploads\/2026\/03\/IMG_20260302_101922-980x735.jpg 980w, https:\/\/grundschule-fah.de\/wp-content\/uploads\/2026\/03\/IMG_20260302_101922-480x360.jpg 480w\" sizes=\"(min-width: 0px) and (max-width: 480px) 480px, (min-width: 481px) and (max-width: 980px) 980px, (min-width: 981px) 1024px, 100vw\" \/><\/figure>\n\n\n\n<figure class=\"wp-block-image size-large\"><img loading=\"lazy\" decoding=\"async\" width=\"1024\" height=\"768\" data-id=\"2189\" src=\"https:\/\/grundschule-fah.de\/wp-content\/uploads\/2026\/03\/IMG_20260302_101935-1024x768.jpg\" alt=\"\" class=\"wp-image-2189\" srcset=\"https:\/\/grundschule-fah.de\/wp-content\/uploads\/2026\/03\/IMG_20260302_101935-980x735.jpg 980w, https:\/\/grundschule-fah.de\/wp-content\/uploads\/2026\/03\/IMG_20260302_101935-480x360.jpg 480w\" sizes=\"(min-width: 0px) and (max-width: 480px) 480px, (min-width: 481px) and (max-width: 980px) 980px, (min-width: 981px) 1024px, 100vw\" \/><\/figure>\n\n\n\n<figure class=\"wp-block-image size-large\"><img loading=\"lazy\" decoding=\"async\" width=\"1024\" height=\"768\" data-id=\"2192\" src=\"https:\/\/grundschule-fah.de\/wp-content\/uploads\/2026\/03\/IMG_20260302_105015-1024x768.jpg\" alt=\"\" class=\"wp-image-2192\" srcset=\"https:\/\/grundschule-fah.de\/wp-content\/uploads\/2026\/03\/IMG_20260302_105015-980x735.jpg 980w, https:\/\/grundschule-fah.de\/wp-content\/uploads\/2026\/03\/IMG_20260302_105015-480x360.jpg 480w\" sizes=\"(min-width: 0px) and (max-width: 480px) 480px, (min-width: 481px) and (max-width: 980px) 980px, (min-width: 981px) 1024px, 100vw\" \/><\/figure>\n\n\n\n<figure class=\"wp-block-image size-large\"><img loading=\"lazy\" decoding=\"async\" width=\"1024\" height=\"768\" data-id=\"2194\" src=\"https:\/\/grundschule-fah.de\/wp-content\/uploads\/2026\/03\/IMG_20260302_110157-1024x768.jpg\" alt=\"\" class=\"wp-image-2194\" srcset=\"https:\/\/grundschule-fah.de\/wp-content\/uploads\/2026\/03\/IMG_20260302_110157-980x735.jpg 980w, https:\/\/grundschule-fah.de\/wp-content\/uploads\/2026\/03\/IMG_20260302_110157-480x360.jpg 480w\" sizes=\"(min-width: 0px) and (max-width: 480px) 480px, (min-width: 481px) and (max-width: 980px) 980px, (min-width: 981px) 1024px, 100vw\" \/><\/figure>\n\n\n\n<figure class=\"wp-block-image size-large\"><img loading=\"lazy\" decoding=\"async\" width=\"1024\" height=\"768\" data-id=\"2193\" src=\"https:\/\/grundschule-fah.de\/wp-content\/uploads\/2026\/03\/IMG_20260302_110203-1024x768.jpg\" alt=\"\" class=\"wp-image-2193\" srcset=\"https:\/\/grundschule-fah.de\/wp-content\/uploads\/2026\/03\/IMG_20260302_110203-980x735.jpg 980w, https:\/\/grundschule-fah.de\/wp-content\/uploads\/2026\/03\/IMG_20260302_110203-480x360.jpg 480w\" sizes=\"(min-width: 0px) and (max-width: 480px) 480px, (min-width: 481px) and (max-width: 980px) 980px, (min-width: 981px) 1024px, 100vw\" \/><\/figure>\n\n\n\n<figure class=\"wp-block-image size-large\"><img loading=\"lazy\" decoding=\"async\" width=\"1024\" height=\"768\" data-id=\"2190\" src=\"https:\/\/grundschule-fah.de\/wp-content\/uploads\/2026\/03\/IMG_20260302_110214-1024x768.jpg\" alt=\"\" class=\"wp-image-2190\" srcset=\"https:\/\/grundschule-fah.de\/wp-content\/uploads\/2026\/03\/IMG_20260302_110214-980x735.jpg 980w, https:\/\/grundschule-fah.de\/wp-content\/uploads\/2026\/03\/IMG_20260302_110214-480x360.jpg 480w\" sizes=\"(min-width: 0px) and (max-width: 480px) 480px, (min-width: 481px) and (max-width: 980px) 980px, (min-width: 981px) 1024px, 100vw\" \/><\/figure>\n\n\n\n<figure class=\"wp-block-image size-large\"><img loading=\"lazy\" decoding=\"async\" width=\"1024\" height=\"396\" data-id=\"2188\" src=\"https:\/\/grundschule-fah.de\/wp-content\/uploads\/2026\/03\/IMG_20260302_110758-1024x396.jpg\" alt=\"\" class=\"wp-image-2188\" srcset=\"https:\/\/grundschule-fah.de\/wp-content\/uploads\/2026\/03\/IMG_20260302_110758-980x379.jpg 980w, https:\/\/grundschule-fah.de\/wp-content\/uploads\/2026\/03\/IMG_20260302_110758-480x186.jpg 480w\" sizes=\"(min-width: 0px) and (max-width: 480px) 480px, (min-width: 481px) and (max-width: 980px) 980px, (min-width: 981px) 1024px, 100vw\" \/><\/figure>\n<\/figure>\n","protected":false},"excerpt":{"rendered":"<p>Anfang M\u00e4rz war bei uns die &#8222;P\u00e4dagogische Puppenb\u00fchne der Polizei&#8220; \u00fcber mehrere Tage in der Schule. Die Sch\u00fclerinnen und Sch\u00fcler haben dabei viel gelernt: \u00dcber Sicherheit im Stra\u00dfenverkehr bis Gefahren im Internet war f\u00fcr jede Klassenstufe etwas dabei. Und nat\u00fcrlich wurde auch ein R\u00e4uber geschnappt: Karl Chaos wurde von den J\u00fcngsten gefangen! Ein informatives Ereignis, [&hellip;]<\/p>\n","protected":false},"author":1,"featured_media":0,"comment_status":"closed","ping_status":"open","sticky":false,"template":"","format":"standard","meta":{"_et_pb_use_builder":"off","_et_pb_old_content":"","_et_gb_content_width":"","footnotes":""},"categories":[1],"tags":[],"class_list":["post-2187","post","type-post","status-publish","format-standard","hentry","category-sonstiges"],"_links":{"self":[{"href":"https:\/\/grundschule-fah.de\/index.php?rest_route=\/wp\/v2\/posts\/2187","targetHints":{"allow":["GET"]}}],"collection":[{"href":"https:\/\/grundschule-fah.de\/index.php?rest_route=\/wp\/v2\/posts"}],"about":[{"href":"https:\/\/grundschule-fah.de\/index.php?rest_route=\/wp\/v2\/types\/post"}],"author":[{"embeddable":true,"href":"https:\/\/grundschule-fah.de\/index.php?rest_route=\/wp\/v2\/users\/1"}],"replies":[{"embeddable":true,"href":"https:\/\/grundschule-fah.de\/index.php?rest_route=%2Fwp%2Fv2%2Fcomments&post=2187"}],"version-history":[{"count":2,"href":"https:\/\/grundschule-fah.de\/index.php?rest_route=\/wp\/v2\/posts\/2187\/revisions"}],"predecessor-version":[{"id":2199,"href":"https:\/\/grundschule-fah.de\/index.php?rest_route=\/wp\/v2\/posts\/2187\/revisions\/2199"}],"wp:attachment":[{"href":"https:\/\/grundschule-fah.de\/index.php?rest_route=%2Fwp%2Fv2%2Fmedia&parent=2187"}],"wp:term":[{"taxonomy":"category","embeddable":true,"href":"https:\/\/grundschule-fah.de\/index.php?rest_route=%2Fwp%2Fv2%2Fcategories&post=2187"},{"taxonomy":"post_tag","embeddable":true,"href":"https:\/\/grundschule-fah.de\/index.php?rest_route=%2Fwp%2Fv2%2Ftags&post=2187"}],"curies":[{"name":"wp","href":"https:\/\/api.w.org\/{rel}","templated":true}]}}